{"id":2610,"date":"2014-11-03T17:52:46","date_gmt":"2014-11-03T20:52:46","guid":{"rendered":"http:\/\/aboms.org.br\/site\/?p=2610"},"modified":"2022-04-05T14:02:48","modified_gmt":"2022-04-05T17:02:48","slug":"abo-ms-participa-da-semana-de-prevencao-ao-cancer-de-boca","status":"publish","type":"post","link":"https:\/\/aboms.org.br\/portal\/abo-ms-participa-da-semana-de-prevencao-ao-cancer-de-boca\/","title":{"rendered":"ABO-MS participa da Semana de Preven\u00e7\u00e3o ao C\u00e2ncer de Boca"},"content":{"rendered":"<div class=\"brz-root__container brz-reset-all\"><\/div>\n<p><!-- version:1649178168 --><\/p>\n","protected":false},"excerpt":{"rendered":"","protected":false},"author":1,"featured_media":2614,"comment_status":"open","ping_status":"open","sticky":false,"template":"","format":"standard","meta":{"_monsterinsights_skip_tracking":false,"_monsterinsights_sitenote_active":false,"_monsterinsights_sitenote_note":"","_monsterinsights_sitenote_category":0,"_joinchat":[],"footnotes":""},"categories":[10],"tags":[],"class_list":["post-2610","post","type-post","status-publish","format-standard","has-post-thumbnail","hentry","category-noticias"],"blocksy_meta":{"styles_descriptor":{"styles":{"desktop":"","tablet":"","mobile":""},"google_fonts":[],"version":6}},"aioseo_notices":[],"_links":{"self":[{"href":"https:\/\/aboms.org.br\/portal\/wp-json\/wp\/v2\/posts\/2610","targetHints":{"allow":["GET"]}}],"collection":[{"href":"https:\/\/aboms.org.br\/portal\/wp-json\/wp\/v2\/posts"}],"about":[{"href":"https:\/\/aboms.org.br\/portal\/wp-json\/wp\/v2\/types\/post"}],"author":[{"embeddable":true,"href":"https:\/\/aboms.org.br\/portal\/wp-json\/wp\/v2\/users\/1"}],"replies":[{"embeddable":true,"href":"https:\/\/aboms.org.br\/portal\/wp-json\/wp\/v2\/comments?post=2610"}],"version-history":[{"count":0,"href":"https:\/\/aboms.org.br\/portal\/wp-json\/wp\/v2\/posts\/2610\/revisions"}],"wp:featuredmedia":[{"embeddable":true,"href":"https:\/\/aboms.org.br\/portal\/wp-json\/"}],"wp:attachment":[{"href":"https:\/\/aboms.org.br\/portal\/wp-json\/wp\/v2\/media?parent=2610"}],"wp:term":[{"taxonomy":"category","embeddable":true,"href":"https:\/\/aboms.org.br\/portal\/wp-json\/wp\/v2\/categories?post=2610"},{"taxonomy":"post_tag","embeddable":true,"href":"https:\/\/aboms.org.br\/portal\/wp-json\/wp\/v2\/tags?post=2610"}],"curies":[{"name":"wp","href":"https:\/\/api.w.org\/{rel}","templated":true}]}}