{"id":1735,"date":"2014-03-21T10:11:03","date_gmt":"2014-03-21T13:11:03","guid":{"rendered":"http:\/\/aboms.org.br\/site\/?p=1735"},"modified":"2022-04-05T13:30:48","modified_gmt":"2022-04-05T16:30:48","slug":"21-de-marco-dia-internacional-da-sindrome-de-down-veja-sobre-sindrome-de-down-e-a-odontologia","status":"publish","type":"post","link":"https:\/\/aboms.org.br\/portal\/21-de-marco-dia-internacional-da-sindrome-de-down-veja-sobre-sindrome-de-down-e-a-odontologia\/","title":{"rendered":"21 de Mar\u00e7o &#8211; Dia Internacional da S\u00edndrome de Down &#8211; Veja sobre S\u00edndrome de Down e a Odontologia"},"content":{"rendered":"<div class=\"brz-root__container brz-reset-all\"><\/div>\n<p><!-- version:1649176248 --><\/p>\n","protected":false},"excerpt":{"rendered":"","protected":false},"author":1,"featured_media":0,"comment_status":"open","ping_status":"open","sticky":false,"template":"","format":"standard","meta":{"_monsterinsights_skip_tracking":false,"_monsterinsights_sitenote_active":false,"_monsterinsights_sitenote_note":"","_monsterinsights_sitenote_category":0,"_joinchat":[],"footnotes":""},"categories":[10],"tags":[],"class_list":["post-1735","post","type-post","status-publish","format-standard","hentry","category-noticias"],"blocksy_meta":{"styles_descriptor":{"styles":{"desktop":"","tablet":"","mobile":""},"google_fonts":[],"version":6}},"aioseo_notices":[],"_links":{"self":[{"href":"https:\/\/aboms.org.br\/portal\/wp-json\/wp\/v2\/posts\/1735","targetHints":{"allow":["GET"]}}],"collection":[{"href":"https:\/\/aboms.org.br\/portal\/wp-json\/wp\/v2\/posts"}],"about":[{"href":"https:\/\/aboms.org.br\/portal\/wp-json\/wp\/v2\/types\/post"}],"author":[{"embeddable":true,"href":"https:\/\/aboms.org.br\/portal\/wp-json\/wp\/v2\/users\/1"}],"replies":[{"embeddable":true,"href":"https:\/\/aboms.org.br\/portal\/wp-json\/wp\/v2\/comments?post=1735"}],"version-history":[{"count":0,"href":"https:\/\/aboms.org.br\/portal\/wp-json\/wp\/v2\/posts\/1735\/revisions"}],"wp:attachment":[{"href":"https:\/\/aboms.org.br\/portal\/wp-json\/wp\/v2\/media?parent=1735"}],"wp:term":[{"taxonomy":"category","embeddable":true,"href":"https:\/\/aboms.org.br\/portal\/wp-json\/wp\/v2\/categories?post=1735"},{"taxonomy":"post_tag","embeddable":true,"href":"https:\/\/aboms.org.br\/portal\/wp-json\/wp\/v2\/tags?post=1735"}],"curies":[{"name":"wp","href":"https:\/\/api.w.org\/{rel}","templated":true}]}}