{"id":1181,"date":"2013-10-22T11:49:19","date_gmt":"2013-10-22T14:49:19","guid":{"rendered":"http:\/\/aboms.org.br\/site\/?p=1181"},"modified":"2022-04-05T14:48:26","modified_gmt":"2022-04-05T17:48:26","slug":"5a-paralisacao-nacional-contra-operadoras-sera-nesta-semana","status":"publish","type":"post","link":"https:\/\/aboms.org.br\/portal\/5a-paralisacao-nacional-contra-operadoras-sera-nesta-semana\/","title":{"rendered":"5\u00aa Paralisa\u00e7\u00e3o Nacional contra operadoras ser\u00e1 nesta semana"},"content":{"rendered":"<div class=\"brz-root__container brz-reset-all\"><\/div>\n<p><!-- version:1649180906 --><\/p>\n","protected":false},"excerpt":{"rendered":"","protected":false},"author":1,"featured_media":1187,"comment_status":"open","ping_status":"open","sticky":false,"template":"","format":"standard","meta":{"_monsterinsights_skip_tracking":false,"_monsterinsights_sitenote_active":false,"_monsterinsights_sitenote_note":"","_monsterinsights_sitenote_category":0,"_joinchat":[],"footnotes":""},"categories":[10],"tags":[],"class_list":["post-1181","post","type-post","status-publish","format-standard","has-post-thumbnail","hentry","category-noticias"],"blocksy_meta":{"styles_descriptor":{"styles":{"desktop":"","tablet":"","mobile":""},"google_fonts":[],"version":6}},"aioseo_notices":[],"_links":{"self":[{"href":"https:\/\/aboms.org.br\/portal\/wp-json\/wp\/v2\/posts\/1181","targetHints":{"allow":["GET"]}}],"collection":[{"href":"https:\/\/aboms.org.br\/portal\/wp-json\/wp\/v2\/posts"}],"about":[{"href":"https:\/\/aboms.org.br\/portal\/wp-json\/wp\/v2\/types\/post"}],"author":[{"embeddable":true,"href":"https:\/\/aboms.org.br\/portal\/wp-json\/wp\/v2\/users\/1"}],"replies":[{"embeddable":true,"href":"https:\/\/aboms.org.br\/portal\/wp-json\/wp\/v2\/comments?post=1181"}],"version-history":[{"count":0,"href":"https:\/\/aboms.org.br\/portal\/wp-json\/wp\/v2\/posts\/1181\/revisions"}],"wp:featuredmedia":[{"embeddable":true,"href":"https:\/\/aboms.org.br\/portal\/wp-json\/"}],"wp:attachment":[{"href":"https:\/\/aboms.org.br\/portal\/wp-json\/wp\/v2\/media?parent=1181"}],"wp:term":[{"taxonomy":"category","embeddable":true,"href":"https:\/\/aboms.org.br\/portal\/wp-json\/wp\/v2\/categories?post=1181"},{"taxonomy":"post_tag","embeddable":true,"href":"https:\/\/aboms.org.br\/portal\/wp-json\/wp\/v2\/tags?post=1181"}],"curies":[{"name":"wp","href":"https:\/\/api.w.org\/{rel}","templated":true}]}}